{"id":7807,"date":"2012-09-06T19:26:57","date_gmt":"2012-09-06T19:26:57","guid":{"rendered":"http:\/\/127.0.0.1\/import\/?p=1807"},"modified":"2014-08-27T23:28:12","modified_gmt":"2014-08-27T22:28:12","slug":"le-songe-d-une-nuit-d-ete-s-en-est-alle-avec-la-rentree","status":"publish","type":"post","link":"https:\/\/econoclaste.eu\/econoclaste\/le-songe-d-une-nuit-d-ete-s-en-est-alle-avec-la-rentree\/","title":{"rendered":"Le songe d&rsquo;une nuit d&rsquo;\u00e9t\u00e9 s&rsquo;en est all\u00e9 avec la rentr\u00e9e"},"content":{"rendered":"<p><img decoding=\"async\" class=\"aligncenter\" src=\"\/econoclaste\/wp-content\/uploads\/2012\/07\/75.jpg\" \/><\/p>\n<p>La rentr\u00e9e est arriv\u00e9e. La vie reprend donc son cours normal. Comme le souligne Samuel Laurent sur Twitter, les 75% s&rsquo;annoncent bien <a href=\"https:\/\/twitter.com\/samuellaurent\/status\/243735889530990592\" hreflang=\"fr\">symboliques<\/a>, citant deux articles (<a href=\"http:\/\/www.lefigaro.fr\/impots\/2012\/09\/06\/05003-20120906ARTFIG00574-une-taxe-a-75-reduite-a-minima.php\" hreflang=\"fr\">ici<\/a> et <a href=\"http:\/\/www.latribune.fr\/actualites\/economie\/france\/20120831trib000717238\/impot-a-75-deja-une-taxe-peau-de-chagrin.html\" hreflang=\"fr\">l\u00e0<\/a>). Taux effectif inf\u00e9rieur, base fiscale r\u00e9duite au minimum. Le duo gagnant d&rsquo;une rustine discr\u00e8te. Faut-il \u00eatre surpris\u00a0? Non. Il apparaissait assez clairement que 75% d&rsquo;imposition marginale, m\u00eame pour de tr\u00e8s hauts revenus, \u00e9tait un chiffre excessif. Excessif compte tenu de ce qui se passe dans des pays \u00e0 imp\u00f4t r\u00e9ellement progressif (qui d\u00e9passent rarement les 55%). Excessif aussi, parce qu&rsquo;en d\u00e9pit de pleurnicheries path\u00e9tiques dans leurs rangs, les tr\u00e8s riches restent des citoyens comme les autres et, dans une d\u00e9mocratie qui se respecte, on \u00e9vite de taper trop fort sur la t\u00eate des gens. \u00c9videmment, vous me direz qu&rsquo;ils ont \u00e9t\u00e9 bien \u00e9pargn\u00e9s auparavant. Mais, d&rsquo;une part, on ne corrige pas une b\u00eatise par une autre b\u00eatise. D&rsquo;autre part, les riches d&rsquo;hier ne sont pas forc\u00e9ment ceux d&rsquo;aujourd&rsquo;hui (enfin, pour certains&#8230;). Excessif enfin, parce que prompt \u00e0 d\u00e9clencher tous les lobbying possibles et imaginables, compte tenu de l&rsquo;enjeu non n\u00e9gligeable. Sans oublier que ceux qui sont directement concern\u00e9s pouvaient \u00eatre \u00e9paul\u00e9s par d&rsquo;autres, comme <a href=\"https:\/\/econoclaste.eu\/econoclaste\/?p=7759\" hreflang=\"fr\">je le sugg\u00e9rais ici<\/a>.<\/p>\n<p>Ainsi donc, le gouvernement fait le triple choix de la raison (c&rsquo;\u00e9tait dur), du symbolique (on a dit 75%, on s&rsquo;y tient&#8230; vaguement) et du statu quo fiscal. Parce qu&rsquo;en v\u00e9rit\u00e9, comme le montrent les bidouillages autour du plafonnement de la surtaxe, envisager cette taxation sans remettre \u00e0 plat le syst\u00e8me fiscal dans son ensemble est complexe. On savait d\u00e9j\u00e0 depuis un moment que l&rsquo;\u00e9quipe de Hollande n&rsquo;avait pas l&rsquo;intention de s&rsquo;atteler \u00e0 une r\u00e9forme plus en profondeur, dont la fusion imp\u00f4t sur le revenu-CSG aurait \u00e9t\u00e9 le signal. Peut-\u00eatre plus tard, qu&rsquo;en sait-on\u00a0? A vrai dire, on le sait\u00a0: c&rsquo;est pas demain la veille&#8230;<\/p>\n","protected":false},"excerpt":{"rendered":"<div class=\"mh-excerpt\"><p>La rentr\u00e9e est arriv\u00e9e. La vie reprend donc son cours normal. Comme le souligne Samuel Laurent sur Twitter, les 75% s&rsquo;annoncent bien symboliques, citant deux articles (ici et l\u00e0). Taux effectif inf\u00e9rieur, base fiscale r\u00e9duite au minimum. Le duo gagnant d&rsquo;une rustine discr\u00e8te. Faut-il \u00eatre surpris\u00a0? Non. Il apparaissait assez <a class=\"mh-excerpt-more\" href=\"https:\/\/econoclaste.eu\/econoclaste\/le-songe-d-une-nuit-d-ete-s-en-est-alle-avec-la-rentree\/\" title=\"Le songe d&rsquo;une nuit d&rsquo;\u00e9t\u00e9 s&rsquo;en est all\u00e9 avec la rentr\u00e9e\">(Lire la suite&#8230;)<\/a><\/p>\n<\/div>","protected":false},"author":2,"featured_media":0,"comment_status":"open","ping_status":"open","sticky":false,"template":"","format":"standard","meta":{"footnotes":""},"categories":[5],"tags":[],"class_list":["post-7807","post","type-post","status-publish","format-standard","hentry","category-ecoblabla"],"_links":{"self":[{"href":"https:\/\/econoclaste.eu\/econoclaste\/wp-json\/wp\/v2\/posts\/7807","targetHints":{"allow":["GET"]}}],"collection":[{"href":"https:\/\/econoclaste.eu\/econoclaste\/wp-json\/wp\/v2\/posts"}],"about":[{"href":"https:\/\/econoclaste.eu\/econoclaste\/wp-json\/wp\/v2\/types\/post"}],"author":[{"embeddable":true,"href":"https:\/\/econoclaste.eu\/econoclaste\/wp-json\/wp\/v2\/users\/2"}],"replies":[{"embeddable":true,"href":"https:\/\/econoclaste.eu\/econoclaste\/wp-json\/wp\/v2\/comments?post=7807"}],"version-history":[{"count":2,"href":"https:\/\/econoclaste.eu\/econoclaste\/wp-json\/wp\/v2\/posts\/7807\/revisions"}],"predecessor-version":[{"id":12204,"href":"https:\/\/econoclaste.eu\/econoclaste\/wp-json\/wp\/v2\/posts\/7807\/revisions\/12204"}],"wp:attachment":[{"href":"https:\/\/econoclaste.eu\/econoclaste\/wp-json\/wp\/v2\/media?parent=7807"}],"wp:term":[{"taxonomy":"category","embeddable":true,"href":"https:\/\/econoclaste.eu\/econoclaste\/wp-json\/wp\/v2\/categories?post=7807"},{"taxonomy":"post_tag","embeddable":true,"href":"https:\/\/econoclaste.eu\/econoclaste\/wp-json\/wp\/v2\/tags?post=7807"}],"curies":[{"name":"wp","href":"https:\/\/api.w.org\/{rel}","templated":true}]}}