{"id":7692,"date":"2012-01-05T01:43:19","date_gmt":"2012-01-05T01:43:19","guid":{"rendered":"http:\/\/127.0.0.1\/import\/?p=1692"},"modified":"2012-01-05T01:43:19","modified_gmt":"2012-01-05T01:43:19","slug":"entretien-avec-lordon","status":"publish","type":"post","link":"https:\/\/econoclaste.eu\/econoclaste\/entretien-avec-lordon\/","title":{"rendered":"Entretien avec Lordon"},"content":{"rendered":"<p><img decoding=\"async\" class=\"aligncenter\" src=\"\/econoclaste\/wp-content\/uploads\/2011\/09\/revuedeslivres.jpg\" alt=\"\" \/><\/p>\n<p>Interview de Fr\u00e9d\u00e9ric Lordon pour <a href=\"http:\/\/www.revuedeslivres.fr\/%C2%AB-nous-assistons-a-l%E2%80%99ecroulement-d%E2%80%99un-monde-des-forces-immenses-sont-sur-le-point-d%E2%80%99etre-dechainees-%C2%BB-entretien-avec-frederic-lordon\/\" hreflang=\"fr\">La revue des livres<\/a>. Lordon est un type vraiment brillant. M\u00eame si j&rsquo;ai r\u00e9guli\u00e8rement du mal \u00e0 comprendre la tournure que peut prendre son raisonnement, il faut toujours s&rsquo;arr\u00eater un moment sur ce qu&rsquo;il raconte. Il produit des r\u00e9flexions complexes (voire chiantes) mais a cette capacit\u00e9, assez rare en d\u00e9finitive, \u00e0 \u00eatre tr\u00e8s terre \u00e0 terre \u00e0 d&rsquo;autres moments. S&rsquo;il \u00e9tait plus cynique et moins r\u00e9volt\u00e9, ce serait un r\u00e9gal permanent.<\/p>\n<blockquote>\n<p><em>\u00ab\u00a0Entre-temps, <strong>les banquiers remis \u00e0 flot jurent ne plus rien devoir \u00e0 la soci\u00e9t\u00e9 sous pr\u00e9texte que la plupart d\u2019entre eux ont rembours\u00e9 les aides d\u2019urgence<\/strong> re\u00e7ues \u00e0 l\u2019automne 2008. \u00c9videmment, pour r\u00e9tablir leur bonne conscience en m\u00eame temps que leurs bilans financiers, il leur faut feindre d\u2019ignorer l\u2019ampleur de la r\u00e9cession que le choc financier a laiss\u00e9e derri\u00e8re lui. C\u2019est de ce choc m\u00eame que viennent dans un premier temps l\u2019effondrement des recettes fiscales, l\u2019envol m\u00e9canique des d\u00e9penses sociales, le creusement des d\u00e9ficits, l\u2019explosion des dettes puis, dans un deuxi\u00e8me temps, les plans d\u2019aust\u00e9rit\u00e9\u2026 r\u00e9clam\u00e9s par la m\u00eame finance qui vient d\u2019\u00eatre sauv\u00e9e aux frais de l\u2019\u00c9tat !\u00a0\u00bb<\/em><\/p>\n<\/blockquote>\n<blockquote>\n<p><em>\u00ab\u00a0Donc, depuis 2010 et l\u2019\u00e9clatement de la crise grecque, la finance rescap\u00e9e massacre les titres souverains sur les march\u00e9s obligataires alors qu\u2019elle aurait tr\u00e9pass\u00e9 si les \u00c9tats ne s\u2019\u00e9taient pas saign\u00e9s pour la rattraper du n\u00e9ant. <strong>C\u2019est tellement \u00e9norme que c\u2019en est presque beau<\/strong>\u2026\u00a0\u00bb<\/em><\/p>\n<\/blockquote>\n<blockquote>\n<p><em>\u00ab\u00a0On sent bien qu\u2019il y aurait mati\u00e8re \u00e0 r\u00e9\u00e9crire une version actualis\u00e9e de La Grande Transformation de Polanyi, en reprenant cette id\u00e9e que les corps sociaux agress\u00e9s par les lib\u00e9ralismes finissent toujours par r\u00e9agir, et parfois brutalement \u2013 \u00e0 proportion, en fait, de ce qu\u2019ils ont pr\u00e9alablement endur\u00e9 et \u00ab&nbsp;accumul\u00e9 \u00bb. Dans le cas pr\u00e9sent, ce n\u2019est pas tant la d\u00e9composition individualiste corr\u00e9lative de la marchandisation de la terre, du travail et de la monnaie qui pourrait susciter cette violence r\u00e9actionnelle, mais l\u2019insulte r\u00e9p\u00e9t\u00e9e faite au principe de souverainet\u00e9 comme \u00e9l\u00e9ment fondamental de la grammaire politique moderne. On ne peut pas laisser les peuples durablement sans solution de souverainet\u00e9, nationale ou autre, peu importe, faute de quoi ils la r\u00e9cup\u00e9reront \u00e0 toute force et sous une forme qui \u00e9ventuellement ne sera pas belle \u00e0 voir.\u00a0\u00bb<\/em><\/p>\n<\/blockquote>\n","protected":false},"excerpt":{"rendered":"<div class=\"mh-excerpt\"><p>Interview de Fr\u00e9d\u00e9ric Lordon pour La revue des livres. Lordon est un type vraiment brillant. M\u00eame si j&rsquo;ai r\u00e9guli\u00e8rement du mal \u00e0 comprendre la tournure que peut prendre son raisonnement, il faut toujours s&rsquo;arr\u00eater un moment sur ce qu&rsquo;il raconte. Il produit des r\u00e9flexions complexes (voire chiantes) mais a cette <a class=\"mh-excerpt-more\" href=\"https:\/\/econoclaste.eu\/econoclaste\/entretien-avec-lordon\/\" title=\"Entretien avec Lordon\">(Lire la suite&#8230;)<\/a><\/p>\n<\/div>","protected":false},"author":2,"featured_media":0,"comment_status":"open","ping_status":"open","sticky":false,"template":"","format":"standard","meta":{"footnotes":""},"categories":[5],"tags":[],"class_list":["post-7692","post","type-post","status-publish","format-standard","hentry","category-ecoblabla"],"_links":{"self":[{"href":"https:\/\/econoclaste.eu\/econoclaste\/wp-json\/wp\/v2\/posts\/7692","targetHints":{"allow":["GET"]}}],"collection":[{"href":"https:\/\/econoclaste.eu\/econoclaste\/wp-json\/wp\/v2\/posts"}],"about":[{"href":"https:\/\/econoclaste.eu\/econoclaste\/wp-json\/wp\/v2\/types\/post"}],"author":[{"embeddable":true,"href":"https:\/\/econoclaste.eu\/econoclaste\/wp-json\/wp\/v2\/users\/2"}],"replies":[{"embeddable":true,"href":"https:\/\/econoclaste.eu\/econoclaste\/wp-json\/wp\/v2\/comments?post=7692"}],"version-history":[{"count":0,"href":"https:\/\/econoclaste.eu\/econoclaste\/wp-json\/wp\/v2\/posts\/7692\/revisions"}],"wp:attachment":[{"href":"https:\/\/econoclaste.eu\/econoclaste\/wp-json\/wp\/v2\/media?parent=7692"}],"wp:term":[{"taxonomy":"category","embeddable":true,"href":"https:\/\/econoclaste.eu\/econoclaste\/wp-json\/wp\/v2\/categories?post=7692"},{"taxonomy":"post_tag","embeddable":true,"href":"https:\/\/econoclaste.eu\/econoclaste\/wp-json\/wp\/v2\/tags?post=7692"}],"curies":[{"name":"wp","href":"https:\/\/api.w.org\/{rel}","templated":true}]}}