{"id":7641,"date":"2011-10-16T22:31:01","date_gmt":"2011-10-16T22:31:01","guid":{"rendered":"http:\/\/127.0.0.1\/import\/?p=1641"},"modified":"2011-10-16T22:31:01","modified_gmt":"2011-10-16T22:31:01","slug":"verbatim-de-nobels","status":"publish","type":"post","link":"https:\/\/econoclaste.eu\/econoclaste\/verbatim-de-nobels\/","title":{"rendered":"Verbatim de Nobels"},"content":{"rendered":"<p>Sur les deux laur\u00e9ats, cet <a href=\"http:\/\/www.nytimes.com\/2011\/10\/16\/your-money\/nobel-laureates-in-economics-uneasy-with-labels.html?_r=1&amp;pagewanted=all?src=tp\" hreflang=\"fr\">article du NYT<\/a>, qui contient des points int\u00e9ressants.<\/p>\n<p>C\u00f4t\u00e9 Sargent&nbsp;:<\/p>\n<blockquote>\n<p><em>\u00ab\u00a0Asked by a Nobel representative how he would deal with being certified as an economic sage in a time of global economic distress, Professor Sargent was puzzled: &lsquo;Well, I, sorry, I don\u2019t know what\u2019s involved in that. You know, we\u2019re just bookish types that look at numbers and try to figure out what\u2019s going on,&rsquo; he said. &lsquo;So I don\u2019t know what to say to that!&rsquo; \u00ab\u00a0<\/em><\/p>\n<\/blockquote>\n<p>C\u00f4t\u00e9 Sims&nbsp;:<\/p>\n<blockquote>\n<p><em>\u00ab\u00a0At a news conference at Princeton, he (Sims) was asked to comment on the fiscal and financial rescue operations in the United States. &lsquo;Answers to questions like that require careful thinking and a lot of data analysis,&rsquo; he replied. &lsquo;The answers are not likely to be simple.&rsquo; Neither he nor Professor Sargent is accustomed to talking &lsquo;off the top of our heads,&rsquo; he said. &lsquo;You shouldn\u2019t expect much from us.&rsquo; \u00ab\u00a0<\/em><\/p>\n<\/blockquote>\n<p>Moins anecdotique&nbsp;:<\/p>\n<blockquote>\n<p><em> \u00ab\u00a0Professor Sims doesn\u2019t want to be pigeonholed. &lsquo;I\u2019m not \u00ab\u00a0non-Keynesian\u00a0\u00bb &lsquo;, he said, adding that he has been an active \u00ab\u00a0promoter of new Keynesian macroeconomic models,\u00a0\u00bb because they \u00ab\u00a0are the place in our profession where theory and data and policy decision-making are coming together.\u00a0\u00bb \u00a0\u00bb <\/em><\/p>\n<\/blockquote>\n","protected":false},"excerpt":{"rendered":"<div class=\"mh-excerpt\"><p>Sur les deux laur\u00e9ats, cet article du NYT, qui contient des points int\u00e9ressants. C\u00f4t\u00e9 Sargent&nbsp;: \u00ab\u00a0Asked by a Nobel representative how he would deal with being certified as an economic sage in a time of global economic distress, Professor Sargent was puzzled: &lsquo;Well, I, sorry, I don\u2019t know what\u2019s involved <a class=\"mh-excerpt-more\" href=\"https:\/\/econoclaste.eu\/econoclaste\/verbatim-de-nobels\/\" title=\"Verbatim de Nobels\">(Lire la suite&#8230;)<\/a><\/p>\n<\/div>","protected":false},"author":2,"featured_media":59424,"comment_status":"open","ping_status":"open","sticky":false,"template":"","format":"standard","meta":{"footnotes":""},"categories":[5],"tags":[],"class_list":["post-7641","post","type-post","status-publish","format-standard","has-post-thumbnail","hentry","category-ecoblabla"],"_links":{"self":[{"href":"https:\/\/econoclaste.eu\/econoclaste\/wp-json\/wp\/v2\/posts\/7641","targetHints":{"allow":["GET"]}}],"collection":[{"href":"https:\/\/econoclaste.eu\/econoclaste\/wp-json\/wp\/v2\/posts"}],"about":[{"href":"https:\/\/econoclaste.eu\/econoclaste\/wp-json\/wp\/v2\/types\/post"}],"author":[{"embeddable":true,"href":"https:\/\/econoclaste.eu\/econoclaste\/wp-json\/wp\/v2\/users\/2"}],"replies":[{"embeddable":true,"href":"https:\/\/econoclaste.eu\/econoclaste\/wp-json\/wp\/v2\/comments?post=7641"}],"version-history":[{"count":0,"href":"https:\/\/econoclaste.eu\/econoclaste\/wp-json\/wp\/v2\/posts\/7641\/revisions"}],"wp:featuredmedia":[{"embeddable":true,"href":"https:\/\/econoclaste.eu\/econoclaste\/wp-json\/wp\/v2\/media\/59424"}],"wp:attachment":[{"href":"https:\/\/econoclaste.eu\/econoclaste\/wp-json\/wp\/v2\/media?parent=7641"}],"wp:term":[{"taxonomy":"category","embeddable":true,"href":"https:\/\/econoclaste.eu\/econoclaste\/wp-json\/wp\/v2\/categories?post=7641"},{"taxonomy":"post_tag","embeddable":true,"href":"https:\/\/econoclaste.eu\/econoclaste\/wp-json\/wp\/v2\/tags?post=7641"}],"curies":[{"name":"wp","href":"https:\/\/api.w.org\/{rel}","templated":true}]}}