{"id":7602,"date":"2011-05-30T23:41:25","date_gmt":"2011-05-30T23:41:25","guid":{"rendered":"http:\/\/127.0.0.1\/import\/?p=1602"},"modified":"2011-05-30T23:41:25","modified_gmt":"2011-05-30T23:41:25","slug":"nadine-morano-et-sa-conception-tres-personnelle-de-la-lutte-contre-le-chomage","status":"publish","type":"post","link":"https:\/\/econoclaste.eu\/econoclaste\/nadine-morano-et-sa-conception-tres-personnelle-de-la-lutte-contre-le-chomage\/","title":{"rendered":"Nadine Morano et sa conception tr\u00e8s personnelle de la lutte contre le ch\u00f4mage."},"content":{"rendered":"<p><img decoding=\"async\" class=\"aligncenter\" src=\"\/econoclaste\/wp-content\/uploads\/2011\/01\/kookai.jpg\" alt=\"\" \/><\/p>\n<p>Lu sur Rue89&nbsp;:<\/p>\n<blockquote>\n<p><em>\u00ab\u00a0Le 9 avril, Nadine Morano, ministre de l&rsquo;Apprentissage et de la Formation professionnelle, fait des emplettes au Printemps de Nancy (Meurthe-et-Moselle), en compagnie de sa fille et\u2026 d&rsquo;un garde du corps. La pr\u00e9sence du cerb\u00e8re suscite quelques plaisanteries des employ\u00e9es. Plaisanteries qui se soldent par un licenciement pour faute grave, pour l&rsquo;une d&rsquo;entre elles.\u00a0\u00bb<\/em><\/p>\n<\/blockquote>\n<p>L&rsquo;<a href=\"http:\/\/www.rue89.com\/2011\/05\/30\/elle-plaisante-sur-morano-et-est-licenciee-pour-faute-grave-206765\" hreflang=\"fr\">article complet<\/a>.<\/p>\n<p>C&rsquo;est donc ainsi que nos ministres occupent leurs journ\u00e9es, con\u00e7oivent leur relation au public et luttent contre le ch\u00f4mage. J&rsquo;esp\u00e8re qu&rsquo;ils savent o\u00f9 est la porte.<\/p>\n<p>Pour m\u00e9moire, Nadine Morano n&rsquo;a pas l&rsquo;habitude d&rsquo;un tel accueil dans les magasins. Et <a href=\"http:\/\/www.rue89.com\/marseille\/face-aux-cameras-morano-interroge-un-quidam-elu-ump\" hreflang=\"fr\">pour cause<\/a>&#8230;<\/p>\n","protected":false},"excerpt":{"rendered":"<div class=\"mh-excerpt\"><p>Lu sur Rue89&nbsp;: \u00ab\u00a0Le 9 avril, Nadine Morano, ministre de l&rsquo;Apprentissage et de la Formation professionnelle, fait des emplettes au Printemps de Nancy (Meurthe-et-Moselle), en compagnie de sa fille et\u2026 d&rsquo;un garde du corps. La pr\u00e9sence du cerb\u00e8re suscite quelques plaisanteries des employ\u00e9es. Plaisanteries qui se soldent par un licenciement <a class=\"mh-excerpt-more\" href=\"https:\/\/econoclaste.eu\/econoclaste\/nadine-morano-et-sa-conception-tres-personnelle-de-la-lutte-contre-le-chomage\/\" title=\"Nadine Morano et sa conception tr\u00e8s personnelle de la lutte contre le ch\u00f4mage.\">(Lire la suite&#8230;)<\/a><\/p>\n<\/div>","protected":false},"author":2,"featured_media":0,"comment_status":"open","ping_status":"open","sticky":false,"template":"","format":"standard","meta":{"footnotes":""},"categories":[5],"tags":[],"class_list":["post-7602","post","type-post","status-publish","format-standard","hentry","category-ecoblabla"],"_links":{"self":[{"href":"https:\/\/econoclaste.eu\/econoclaste\/wp-json\/wp\/v2\/posts\/7602","targetHints":{"allow":["GET"]}}],"collection":[{"href":"https:\/\/econoclaste.eu\/econoclaste\/wp-json\/wp\/v2\/posts"}],"about":[{"href":"https:\/\/econoclaste.eu\/econoclaste\/wp-json\/wp\/v2\/types\/post"}],"author":[{"embeddable":true,"href":"https:\/\/econoclaste.eu\/econoclaste\/wp-json\/wp\/v2\/users\/2"}],"replies":[{"embeddable":true,"href":"https:\/\/econoclaste.eu\/econoclaste\/wp-json\/wp\/v2\/comments?post=7602"}],"version-history":[{"count":0,"href":"https:\/\/econoclaste.eu\/econoclaste\/wp-json\/wp\/v2\/posts\/7602\/revisions"}],"wp:attachment":[{"href":"https:\/\/econoclaste.eu\/econoclaste\/wp-json\/wp\/v2\/media?parent=7602"}],"wp:term":[{"taxonomy":"category","embeddable":true,"href":"https:\/\/econoclaste.eu\/econoclaste\/wp-json\/wp\/v2\/categories?post=7602"},{"taxonomy":"post_tag","embeddable":true,"href":"https:\/\/econoclaste.eu\/econoclaste\/wp-json\/wp\/v2\/tags?post=7602"}],"curies":[{"name":"wp","href":"https:\/\/api.w.org\/{rel}","templated":true}]}}