{"id":7570,"date":"2010-12-07T17:23:05","date_gmt":"2010-12-07T17:23:05","guid":{"rendered":"http:\/\/127.0.0.1\/import\/?p=1570"},"modified":"2010-12-07T17:23:05","modified_gmt":"2010-12-07T17:23:05","slug":"le-deni-illustre","status":"publish","type":"post","link":"https:\/\/econoclaste.eu\/econoclaste\/le-deni-illustre\/","title":{"rendered":"Le d\u00e9ni, illustr\u00e9"},"content":{"rendered":"<p>Quand je vous disais que la crise europ\u00e9enne conduit \u00e0 des r\u00e9actions \u00e9tranges&nbsp;:<\/p>\n<p>Pour G\u00e9rard Longuet, le principal probl\u00e8me, ce sont&#8230; <a href=\"http:\/\/www.lesechos.fr\/economie-politique\/france\/actu\/afp_00303640-il-faut-sortir-de-l-euro-ou-des-35-heures-selon-gerard-longuet.htm\" hreflang=\"fr\">les 35 heures<\/a>.<\/p>\n<p>Pour Wolfgang Scha\u00fcble, la crise est due&#8230; <a href=\"http:\/\/krugman.blogs.nytimes.com\/2010\/12\/06\/overmatched\/\" hreflang=\"fr\">aux d\u00e9ficits publics des pays europ\u00e9ens<\/a>.<\/p>\n<p>Pour Thomas Piketty, la question prioritaire est&#8230; <a href=\"http:\/\/www.liberation.fr\/economie\/01012306493-le-scandale-du-sauvetage-des-banques-irlandaises\" hreflang=\"fr\">un imp\u00f4t sur les soci\u00e9t\u00e9s trop faible en Irlande<\/a>.<\/p>\n<p>Qu&rsquo;on discute de l&rsquo;int\u00e9r\u00eat des exon\u00e9rations de cotisations sociales li\u00e9es aux 35 heures, de l&rsquo;opportunit\u00e9 de r\u00e9duire les d\u00e9ficits publics dans les pays europ\u00e9ens, de l&rsquo;harmonisation fiscale en Europe, soit. Qu&rsquo;untel ou untel profite de l&rsquo;actualit\u00e9 pour faire avancer ses causes favorites, cela ne contribue pas franchement \u00e0 \u00e9claircir les d\u00e9bats, mais c&rsquo;est comme cela que se pratique le d\u00e9bat public. A condition de savoir ce que l&rsquo;on fait.<\/p>\n<p>Mais je commence \u00e0 penser qu&rsquo;ils croient vraiment \u00e0 ce qu&rsquo;ils disent. Qu&rsquo;\u00e9norm\u00e9ment de nos d\u00e9cideurs et intellectuels, soit par ignorance, soit par opportunisme, ne comprennent pas ce qui se passe, ou ne veulent pas le voir. Je trouve cela effrayant.<\/p>\n","protected":false},"excerpt":{"rendered":"<div class=\"mh-excerpt\"><p>Quand je vous disais que la crise europ\u00e9enne conduit \u00e0 des r\u00e9actions \u00e9tranges&nbsp;: Pour G\u00e9rard Longuet, le principal probl\u00e8me, ce sont&#8230; les 35 heures. Pour Wolfgang Scha\u00fcble, la crise est due&#8230; aux d\u00e9ficits publics des pays europ\u00e9ens. Pour Thomas Piketty, la question prioritaire est&#8230; un imp\u00f4t sur les soci\u00e9t\u00e9s trop <a class=\"mh-excerpt-more\" href=\"https:\/\/econoclaste.eu\/econoclaste\/le-deni-illustre\/\" title=\"Le d\u00e9ni, illustr\u00e9\">(Lire la suite&#8230;)<\/a><\/p>\n<\/div>","protected":false},"author":3,"featured_media":59424,"comment_status":"open","ping_status":"open","sticky":false,"template":"","format":"standard","meta":{"footnotes":""},"categories":[12],"tags":[],"class_list":["post-7570","post","type-post","status-publish","format-standard","has-post-thumbnail","hentry","category-crise-europe"],"_links":{"self":[{"href":"https:\/\/econoclaste.eu\/econoclaste\/wp-json\/wp\/v2\/posts\/7570","targetHints":{"allow":["GET"]}}],"collection":[{"href":"https:\/\/econoclaste.eu\/econoclaste\/wp-json\/wp\/v2\/posts"}],"about":[{"href":"https:\/\/econoclaste.eu\/econoclaste\/wp-json\/wp\/v2\/types\/post"}],"author":[{"embeddable":true,"href":"https:\/\/econoclaste.eu\/econoclaste\/wp-json\/wp\/v2\/users\/3"}],"replies":[{"embeddable":true,"href":"https:\/\/econoclaste.eu\/econoclaste\/wp-json\/wp\/v2\/comments?post=7570"}],"version-history":[{"count":0,"href":"https:\/\/econoclaste.eu\/econoclaste\/wp-json\/wp\/v2\/posts\/7570\/revisions"}],"wp:featuredmedia":[{"embeddable":true,"href":"https:\/\/econoclaste.eu\/econoclaste\/wp-json\/wp\/v2\/media\/59424"}],"wp:attachment":[{"href":"https:\/\/econoclaste.eu\/econoclaste\/wp-json\/wp\/v2\/media?parent=7570"}],"wp:term":[{"taxonomy":"category","embeddable":true,"href":"https:\/\/econoclaste.eu\/econoclaste\/wp-json\/wp\/v2\/categories?post=7570"},{"taxonomy":"post_tag","embeddable":true,"href":"https:\/\/econoclaste.eu\/econoclaste\/wp-json\/wp\/v2\/tags?post=7570"}],"curies":[{"name":"wp","href":"https:\/\/api.w.org\/{rel}","templated":true}]}}