{"id":7549,"date":"2010-08-30T16:54:21","date_gmt":"2010-08-30T16:54:21","guid":{"rendered":"http:\/\/127.0.0.1\/import\/?p=1549"},"modified":"2010-08-30T16:54:21","modified_gmt":"2010-08-30T16:54:21","slug":"le-point-commun-entre-edmond-malinvaud-et-moi","status":"publish","type":"post","link":"https:\/\/econoclaste.eu\/econoclaste\/le-point-commun-entre-edmond-malinvaud-et-moi\/","title":{"rendered":"Le point commun entre Edmond Malinvaud et moi"},"content":{"rendered":"<p>Sur toutes les d\u00e9finitions qui tra\u00eenent, on a une d\u00e9finition de l&rsquo;\u00e9conomie qui fusionne celle de Say et celle de Robbins. Enfin, en plus, lui il ajoute les institutions (il n&rsquo;a pas tort). La diff\u00e9rence entre lui et moi&nbsp;: moi, tout le monde s&rsquo;en moque&#8230; Sa d\u00e9finition (via <a href=\"http:\/\/fr.wikipedia.org\/wiki\/Sciences_%C3%A9conomiques\" hreflang=\"fr\">wikip\u00e9dia<\/a>)&nbsp;:<\/p>\n<blockquote>\n<p><em>\u00ab\u00a0L&rsquo;\u00e9conomie est la science qui \u00e9tudie comment les ressources rares sont employ\u00e9es pour la satisfaction des besoins des hommes vivant en soci\u00e9t\u00e9; elle s&rsquo;int\u00e9resse, d&rsquo;une part, aux op\u00e9rations essentielles que sont la production, la distribution et la consommation des biens, d&rsquo;autre part aux institutions et aux activit\u00e9s ayant pour objet de faciliter ces op\u00e9rations\u00a0\u00bb.<\/em><\/p>\n<\/blockquote>\n","protected":false},"excerpt":{"rendered":"<div class=\"mh-excerpt\"><p>Sur toutes les d\u00e9finitions qui tra\u00eenent, on a une d\u00e9finition de l&rsquo;\u00e9conomie qui fusionne celle de Say et celle de Robbins. Enfin, en plus, lui il ajoute les institutions (il n&rsquo;a pas tort). La diff\u00e9rence entre lui et moi&nbsp;: moi, tout le monde s&rsquo;en moque&#8230; Sa d\u00e9finition (via wikip\u00e9dia)&nbsp;: \u00ab\u00a0L&rsquo;\u00e9conomie <a class=\"mh-excerpt-more\" href=\"https:\/\/econoclaste.eu\/econoclaste\/le-point-commun-entre-edmond-malinvaud-et-moi\/\" title=\"Le point commun entre Edmond Malinvaud et moi\">(Lire la suite&#8230;)<\/a><\/p>\n<\/div>","protected":false},"author":2,"featured_media":59424,"comment_status":"open","ping_status":"open","sticky":false,"template":"","format":"standard","meta":{"footnotes":""},"categories":[5],"tags":[],"class_list":["post-7549","post","type-post","status-publish","format-standard","has-post-thumbnail","hentry","category-ecoblabla"],"_links":{"self":[{"href":"https:\/\/econoclaste.eu\/econoclaste\/wp-json\/wp\/v2\/posts\/7549","targetHints":{"allow":["GET"]}}],"collection":[{"href":"https:\/\/econoclaste.eu\/econoclaste\/wp-json\/wp\/v2\/posts"}],"about":[{"href":"https:\/\/econoclaste.eu\/econoclaste\/wp-json\/wp\/v2\/types\/post"}],"author":[{"embeddable":true,"href":"https:\/\/econoclaste.eu\/econoclaste\/wp-json\/wp\/v2\/users\/2"}],"replies":[{"embeddable":true,"href":"https:\/\/econoclaste.eu\/econoclaste\/wp-json\/wp\/v2\/comments?post=7549"}],"version-history":[{"count":0,"href":"https:\/\/econoclaste.eu\/econoclaste\/wp-json\/wp\/v2\/posts\/7549\/revisions"}],"wp:featuredmedia":[{"embeddable":true,"href":"https:\/\/econoclaste.eu\/econoclaste\/wp-json\/wp\/v2\/media\/59424"}],"wp:attachment":[{"href":"https:\/\/econoclaste.eu\/econoclaste\/wp-json\/wp\/v2\/media?parent=7549"}],"wp:term":[{"taxonomy":"category","embeddable":true,"href":"https:\/\/econoclaste.eu\/econoclaste\/wp-json\/wp\/v2\/categories?post=7549"},{"taxonomy":"post_tag","embeddable":true,"href":"https:\/\/econoclaste.eu\/econoclaste\/wp-json\/wp\/v2\/tags?post=7549"}],"curies":[{"name":"wp","href":"https:\/\/api.w.org\/{rel}","templated":true}]}}