{"id":7393,"date":"2009-03-03T14:21:57","date_gmt":"2009-03-03T14:21:57","guid":{"rendered":"http:\/\/127.0.0.1\/import\/?p=1393"},"modified":"2009-03-03T14:21:57","modified_gmt":"2009-03-03T14:21:57","slug":"deux-choses-a-retenir-du-mois-de-fevrier","status":"publish","type":"post","link":"https:\/\/econoclaste.eu\/econoclaste\/deux-choses-a-retenir-du-mois-de-fevrier\/","title":{"rendered":"Deux choses \u00e0 retenir du mois de f\u00e9vrier"},"content":{"rendered":"<p><img decoding=\"async\" class=\"aligncenter\" src=\"\/econoclaste\/wp-content\/uploads\/2009\/01\/ecopublix2.jpg\" alt=\"\" \/><\/p>\n<p>Tout d&rsquo;abord, il faut lire, si ce n&rsquo;est pas fait, la trilogie de Julien sur <a href=\"http:\/\/www.ecopublix.eu\/\" hreflang=\"fr\">\u00e9copublix<\/a>, consacr\u00e9e \u00e0 l&rsquo;ouverture dominicale. Un sacr\u00e9 boulot de synth\u00e8se et de probl\u00e9matisation (\u00e0 mon avis, il a d\u00fb y passer un peu de temps le dimanche, quand m\u00eame) . <a href=\"http:\/\/www.ecopublix.eu\/2009\/02\/faut-il-generaliser-louverture-des.html\" hreflang=\"fr\">Tome 1<\/a>, <a href=\"http:\/\/www.ecopublix.eu\/2009\/02\/faut-il-generaliser-louverture-des_18.html\" hreflang=\"fr\">tome 2<\/a>, <a href=\"http:\/\/www.ecopublix.eu\/2009\/02\/faut-il-generaliser-louverture-des_26.html\" hreflang=\"fr\">tome 3<\/a>.<\/p>\n<p>L&rsquo;autre chose \u00e0 retenir, c&rsquo;est que si vous \u00eates dans votre derni\u00e8re ann\u00e9e d&rsquo;\u00e9tudes, il serait peut-\u00eatre malin d&rsquo;envisager de prolonger d&rsquo;un an (ou plus ?) votre scolarit\u00e9, si vous envisagez d&rsquo;exercer dans des secteurs o\u00f9 la conjoncture (qui sera d\u00e9plorable, n&rsquo;en doutons pas \u00e9norm\u00e9ment, m\u00eame si le doute est toujours permis d\u00e8s qu&rsquo;il s&rsquo;agit de pr\u00e9visions) a un effet important (ce qui concerne pas mal de monde). Car, rappelez-vous, pour r\u00e9ussir une carri\u00e8re, il vaut mieux \u00eatre au bon endroit au bon moment que d&rsquo;\u00eatre juste dipl\u00f4m\u00e9 ou talentueux (m\u00eame si c&rsquo;est utile). Souvenez-vous, c&rsquo;est <a href=\"http:\/\/econoclaste.eu\/dotclear\/index.php\/?2006\/09\/27\/614-au-bon-endroit-au-bon-moment\" hreflang=\"fr\">expliqu\u00e9 ici<\/a> (et dans le cas de l&rsquo;entr\u00e9e sur le march\u00e9 du travail, plus pr\u00e9cis\u00e9ment <a href=\"http:\/\/www.chass.utoronto.ca\/cepa\/recession%20paper.pdf\" hreflang=\"fr\">ici<\/a>). Et  les lecteurs du <a href=https:\/\/econoclaste.eu\/econoclaste\/?page_id=16357\" hreflang=\"fr\">meilleur livre de l&rsquo;ann\u00e9e 2008<\/a> (qui n&rsquo;est pas sorti au meilleur endroit au meilleur moment, malgr\u00e9 tout son talent) savent encore plus ce qu&rsquo;il en est.<\/p>\n","protected":false},"excerpt":{"rendered":"<div class=\"mh-excerpt\"><p>Tout d&rsquo;abord, il faut lire, si ce n&rsquo;est pas fait, la trilogie de Julien sur \u00e9copublix, consacr\u00e9e \u00e0 l&rsquo;ouverture dominicale. Un sacr\u00e9 boulot de synth\u00e8se et de probl\u00e9matisation (\u00e0 mon avis, il a d\u00fb y passer un peu de temps le dimanche, quand m\u00eame) . Tome 1, tome 2, tome <a class=\"mh-excerpt-more\" href=\"https:\/\/econoclaste.eu\/econoclaste\/deux-choses-a-retenir-du-mois-de-fevrier\/\" title=\"Deux choses \u00e0 retenir du mois de f\u00e9vrier\">(Lire la suite&#8230;)<\/a><\/p>\n<\/div>","protected":false},"author":2,"featured_media":0,"comment_status":"open","ping_status":"open","sticky":false,"template":"","format":"standard","meta":{"footnotes":""},"categories":[5],"tags":[],"class_list":["post-7393","post","type-post","status-publish","format-standard","hentry","category-ecoblabla"],"_links":{"self":[{"href":"https:\/\/econoclaste.eu\/econoclaste\/wp-json\/wp\/v2\/posts\/7393","targetHints":{"allow":["GET"]}}],"collection":[{"href":"https:\/\/econoclaste.eu\/econoclaste\/wp-json\/wp\/v2\/posts"}],"about":[{"href":"https:\/\/econoclaste.eu\/econoclaste\/wp-json\/wp\/v2\/types\/post"}],"author":[{"embeddable":true,"href":"https:\/\/econoclaste.eu\/econoclaste\/wp-json\/wp\/v2\/users\/2"}],"replies":[{"embeddable":true,"href":"https:\/\/econoclaste.eu\/econoclaste\/wp-json\/wp\/v2\/comments?post=7393"}],"version-history":[{"count":0,"href":"https:\/\/econoclaste.eu\/econoclaste\/wp-json\/wp\/v2\/posts\/7393\/revisions"}],"wp:attachment":[{"href":"https:\/\/econoclaste.eu\/econoclaste\/wp-json\/wp\/v2\/media?parent=7393"}],"wp:term":[{"taxonomy":"category","embeddable":true,"href":"https:\/\/econoclaste.eu\/econoclaste\/wp-json\/wp\/v2\/categories?post=7393"},{"taxonomy":"post_tag","embeddable":true,"href":"https:\/\/econoclaste.eu\/econoclaste\/wp-json\/wp\/v2\/tags?post=7393"}],"curies":[{"name":"wp","href":"https:\/\/api.w.org\/{rel}","templated":true}]}}