{"id":7174,"date":"2008-09-09T20:54:14","date_gmt":"2008-09-09T20:54:14","guid":{"rendered":"http:\/\/127.0.0.1\/import\/?p=1174"},"modified":"2008-09-09T20:54:14","modified_gmt":"2008-09-09T20:54:14","slug":"question-du-jour","status":"publish","type":"post","link":"https:\/\/econoclaste.eu\/econoclaste\/question-du-jour\/","title":{"rendered":"Question du jour"},"content":{"rendered":"<p>Lu dans <a href=\"http:\/\/www.lemonde.fr\/economie\/article\/2008\/09\/08\/l-impot-un-levier-moins-disponible-pour-lutter-contre-la-recession_1092606_3234.html\" hreflang=\"fr\">Le monde dat\u00e9 d&rsquo;aujourd&rsquo;hui<\/a> :<\/p>\n<blockquote>\n<p><em>\u00ab\u00a0certains \u00e9conomistes lib\u00e9raux, estimant que la progressivit\u00e9 de l&rsquo;imp\u00f4t est contracyclique, pr\u00f4nent soit un recours accru aux imp\u00f4ts proportionnels, comme la TVA, soit la suppression de la progressivit\u00e9 (\u00a0\u00bb flat tax \u00ab\u00a0).\u00a0\u00bb<\/em><\/p>\n<\/blockquote>\n<p>Quelqu&rsquo;un peut me dire en quoi cela constituerait une d\u00e9monstration de l&rsquo;int\u00e9r\u00eat d&rsquo;une taxation non progressive ?<br \/>\nIl y a un ou deux autres trucs un peu bizarres dans cet article. Saurez-vous les trouver&nbsp;?<\/p>\n","protected":false},"excerpt":{"rendered":"<div class=\"mh-excerpt\"><p>Lu dans Le monde dat\u00e9 d&rsquo;aujourd&rsquo;hui : \u00ab\u00a0certains \u00e9conomistes lib\u00e9raux, estimant que la progressivit\u00e9 de l&rsquo;imp\u00f4t est contracyclique, pr\u00f4nent soit un recours accru aux imp\u00f4ts proportionnels, comme la TVA, soit la suppression de la progressivit\u00e9 (\u00a0\u00bb flat tax \u00ab\u00a0).\u00a0\u00bb Quelqu&rsquo;un peut me dire en quoi cela constituerait une d\u00e9monstration de <a class=\"mh-excerpt-more\" href=\"https:\/\/econoclaste.eu\/econoclaste\/question-du-jour\/\" title=\"Question du jour\">(Lire la suite&#8230;)<\/a><\/p>\n<\/div>","protected":false},"author":2,"featured_media":59424,"comment_status":"open","ping_status":"open","sticky":false,"template":"","format":"standard","meta":{"footnotes":""},"categories":[5],"tags":[],"class_list":["post-7174","post","type-post","status-publish","format-standard","has-post-thumbnail","hentry","category-ecoblabla"],"_links":{"self":[{"href":"https:\/\/econoclaste.eu\/econoclaste\/wp-json\/wp\/v2\/posts\/7174","targetHints":{"allow":["GET"]}}],"collection":[{"href":"https:\/\/econoclaste.eu\/econoclaste\/wp-json\/wp\/v2\/posts"}],"about":[{"href":"https:\/\/econoclaste.eu\/econoclaste\/wp-json\/wp\/v2\/types\/post"}],"author":[{"embeddable":true,"href":"https:\/\/econoclaste.eu\/econoclaste\/wp-json\/wp\/v2\/users\/2"}],"replies":[{"embeddable":true,"href":"https:\/\/econoclaste.eu\/econoclaste\/wp-json\/wp\/v2\/comments?post=7174"}],"version-history":[{"count":0,"href":"https:\/\/econoclaste.eu\/econoclaste\/wp-json\/wp\/v2\/posts\/7174\/revisions"}],"wp:featuredmedia":[{"embeddable":true,"href":"https:\/\/econoclaste.eu\/econoclaste\/wp-json\/wp\/v2\/media\/59424"}],"wp:attachment":[{"href":"https:\/\/econoclaste.eu\/econoclaste\/wp-json\/wp\/v2\/media?parent=7174"}],"wp:term":[{"taxonomy":"category","embeddable":true,"href":"https:\/\/econoclaste.eu\/econoclaste\/wp-json\/wp\/v2\/categories?post=7174"},{"taxonomy":"post_tag","embeddable":true,"href":"https:\/\/econoclaste.eu\/econoclaste\/wp-json\/wp\/v2\/tags?post=7174"}],"curies":[{"name":"wp","href":"https:\/\/api.w.org\/{rel}","templated":true}]}}