{"id":7095,"date":"2008-04-03T22:14:03","date_gmt":"2008-04-03T22:14:03","guid":{"rendered":"http:\/\/127.0.0.1\/import\/?p=1095"},"modified":"2008-04-03T22:14:03","modified_gmt":"2008-04-03T22:14:03","slug":"ouh-le-coquin","status":"publish","type":"post","link":"https:\/\/econoclaste.eu\/econoclaste\/ouh-le-coquin\/","title":{"rendered":"Ouh le coquin&#8230;"},"content":{"rendered":"<p>Un socialiste qui dit que la hausse du SMIC cr\u00e9e du ch\u00f4mage, \u00e7a existe. C&rsquo;est Pierre-Alain Muet. Harlem D\u00e9sir semble \u00eatre d&rsquo;accord, puisqu&rsquo;il cosigne la <a href=\"http:\/\/www.lemonde.fr\/opinions\/article\/2008\/04\/03\/rehabilitons-le-smic-par-harlem-desir-et-pierre-alain-muet_1030558_3232.html\" hreflang=\"fr\">tribune dans le monde<\/a>. Ils sont donc contre la hausse du SMIC&nbsp;? Ils consid\u00e8rent donc que la hausse du SMIC a cr\u00e9\u00e9 du ch\u00f4mage&nbsp;? En fait, c&rsquo;est plus subtil. Jugez plut\u00f4t :<\/p>\n<blockquote>\n<p><em>\u00ab\u00a0En emp\u00eachant l&rsquo;apparition d&#8217;emplois \u00e0 tr\u00e8s bas salaires, le smic nuit-il \u00e0 l&#8217;emploi&nbsp;? Comme l&rsquo;ont montr\u00e9 nombre d&rsquo;\u00e9tudes, les all\u00e9gements de cotisations sur les bas salaires ont eu pour cons\u00e9quence d&#8217;emp\u00eacher que les hausses du smic ne se r\u00e9percutent en augmentation du co\u00fbt du travail. De ce fait, m\u00eame dans la premi\u00e8re moiti\u00e9 des ann\u00e9es 2000 o\u00f9 le smic horaire a progress\u00e9 rapidement en raison de la convergence des diff\u00e9rents salaires minima, la hausse est rest\u00e9e inf\u00e9rieure \u00e0 celle de la productivit\u00e9 du travail.\u00a0\u00bb<\/em><\/p>\n<\/blockquote>\n<p>J&rsquo;adore. Muet est encore \u00e9conomiste. Il est aussi un vrai politicien \ud83d\ude42<\/p>\n<p>Encore sur le SMIC&nbsp;: Askenazy sur le site <a href=\"http:\/\/www.laviedesidees.fr\/SMIC-questions-reponses.html\" hreflang=\"fr\">la vie des id\u00e9es<\/a>.<\/p>\n<p><strong>Private Joke pour \u00e9tudiants des ann\u00e9es 90&nbsp;: <\/strong> Eh, msieur Muet, j&rsquo;attends toujours le tome 2 du <a href=\"http:\/\/www.amazon.fr\/Theories-modeles-macro%C3%A9conomie-l%C3%A9quilibre-periode\/dp\/2717817379\/ref=sr_1_1?ie=UTF8&amp;s=books&amp;qid=1207253739&amp;sr=8-1\" hreflang=\"fr\">tome 1<\/a>&nbsp;!<\/p>\n","protected":false},"excerpt":{"rendered":"<div class=\"mh-excerpt\"><p>Un socialiste qui dit que la hausse du SMIC cr\u00e9e du ch\u00f4mage, \u00e7a existe. C&rsquo;est Pierre-Alain Muet. Harlem D\u00e9sir semble \u00eatre d&rsquo;accord, puisqu&rsquo;il cosigne la tribune dans le monde. Ils sont donc contre la hausse du SMIC&nbsp;? Ils consid\u00e8rent donc que la hausse du SMIC a cr\u00e9\u00e9 du ch\u00f4mage&nbsp;? En <a class=\"mh-excerpt-more\" href=\"https:\/\/econoclaste.eu\/econoclaste\/ouh-le-coquin\/\" title=\"Ouh le coquin&#8230;\">(Lire la suite&#8230;)<\/a><\/p>\n<\/div>","protected":false},"author":2,"featured_media":59424,"comment_status":"open","ping_status":"open","sticky":false,"template":"","format":"standard","meta":{"footnotes":""},"categories":[5],"tags":[],"class_list":["post-7095","post","type-post","status-publish","format-standard","has-post-thumbnail","hentry","category-ecoblabla"],"_links":{"self":[{"href":"https:\/\/econoclaste.eu\/econoclaste\/wp-json\/wp\/v2\/posts\/7095","targetHints":{"allow":["GET"]}}],"collection":[{"href":"https:\/\/econoclaste.eu\/econoclaste\/wp-json\/wp\/v2\/posts"}],"about":[{"href":"https:\/\/econoclaste.eu\/econoclaste\/wp-json\/wp\/v2\/types\/post"}],"author":[{"embeddable":true,"href":"https:\/\/econoclaste.eu\/econoclaste\/wp-json\/wp\/v2\/users\/2"}],"replies":[{"embeddable":true,"href":"https:\/\/econoclaste.eu\/econoclaste\/wp-json\/wp\/v2\/comments?post=7095"}],"version-history":[{"count":0,"href":"https:\/\/econoclaste.eu\/econoclaste\/wp-json\/wp\/v2\/posts\/7095\/revisions"}],"wp:featuredmedia":[{"embeddable":true,"href":"https:\/\/econoclaste.eu\/econoclaste\/wp-json\/wp\/v2\/media\/59424"}],"wp:attachment":[{"href":"https:\/\/econoclaste.eu\/econoclaste\/wp-json\/wp\/v2\/media?parent=7095"}],"wp:term":[{"taxonomy":"category","embeddable":true,"href":"https:\/\/econoclaste.eu\/econoclaste\/wp-json\/wp\/v2\/categories?post=7095"},{"taxonomy":"post_tag","embeddable":true,"href":"https:\/\/econoclaste.eu\/econoclaste\/wp-json\/wp\/v2\/tags?post=7095"}],"curies":[{"name":"wp","href":"https:\/\/api.w.org\/{rel}","templated":true}]}}