{"id":6837,"date":"2007-08-30T16:17:38","date_gmt":"2007-08-30T16:17:38","guid":{"rendered":"http:\/\/127.0.0.1\/import\/?p=837"},"modified":"2007-08-30T16:17:38","modified_gmt":"2007-08-30T16:17:38","slug":"licencier-es","status":"publish","type":"post","link":"https:\/\/econoclaste.eu\/econoclaste\/licencier-es\/","title":{"rendered":"Licencier ES ?"},"content":{"rendered":"<p><img decoding=\"async\" class=\"aligncenter\" src=\"\/econoclaste\/wp-content\/uploads\/2007\/07\/nobrain.jpg\" alt=\"\" \/><\/p>\n<p>L&rsquo;\u00e9ducation nationale a la fili\u00e8re ES en ligne de mire. Ce n&rsquo;est pas nouveau. Cela fait au moins 5 ans qu&rsquo;on en parle (nous-m\u00eames avons plusieurs fois \u00e9voqu\u00e9 le sujet &#8211; je sais plus o\u00f9&#8230;). <a href=\"http:\/\/legizmoblog.blogspot.com\/2007\/08\/economistes-prparez-votre-reconversion.html\" hreflang=\"fr\">Gizmo<\/a> et <a href=\"http:\/\/obouba.over-blog.com\/article-12008283.html\" hreflang=\"fr\">OBO<\/a> se font l&rsquo;\u00e9cho de propos mena\u00e7ants du ministre Xavier Darcos. Outre l&rsquo;article d&rsquo;OBO, qui prend le ministre au pied de la lettre, il n&rsquo;est pas inutile de rappeler quelques \u00e9l\u00e9ments. Un, que les profs de SES sont un rep\u00e8re de crypto-marxistes. C&rsquo;est mal. C&rsquo;est tr\u00e8s mal. Mais qu&rsquo;est-ce qui est le plus stupide&nbsp;? Etre un crypto-marxiste de province ou oublier que les g\u00e9n\u00e9rations se renouvellent et que les jeunes profs de SES ne sont pas plus gauchisants que la moyenne des profs. Tenez, deux exemples&nbsp;: <a href=\"http:\/\/econoclaste.eu\/dotclear\/index.php\/?2007\/03\/03\/803-nouveau-blog-economique\" hreflang=\"fr\">David Mourey<\/a> et VilCoyote d&rsquo;<a href=\"http:\/\/optimum.tooblog.fr\/\" hreflang=\"fr\">Optimum<\/a>. Deux, il est un r\u00eave de ministre de rationaliser les sp\u00e9cialit\u00e9s \u00e9conomiques au lyc\u00e9e, en fusionnant la nouvelle fili\u00e8re STG et la fili\u00e8re ES, le mariage mettant la premi\u00e8re aux manettes. Je laisse \u00e0 mes lecteurs sociologues le soin de d\u00e9fendre leur bout de gras sur les risques de la disparition des sciences sociales au lyc\u00e9e. En revanche, je m&rsquo;interroge sur le leadership d&rsquo;une fili\u00e8re \u00e9co-gestion. Sur trois points :<br \/>\n&#8211; comment rendre sexy cette fili\u00e8re encore et toujours montr\u00e9e du doigt par les honorables familles ?<br \/>\n&#8211; en acceptant la sp\u00e9cialisation au lyc\u00e9e, a-t-on besoin d&rsquo;autant de lyc\u00e9ens gestionnaires ?<br \/>\n&#8211; enfin, et surtout, a-t-on besoin de tant de sp\u00e9cialisation au lyc\u00e9e g\u00e9n\u00e9ral et technologique&nbsp;? A moins que&#8230; ce ne soit le lyc\u00e9e professionnel qui r\u00e9cup\u00e8re finalement des effectifs par le tr\u00e8s subtil glissement ES -&gt; STG -&gt; LP.<\/p>\n<p>Il y a des choses qui m&rsquo;\u00e9chappent dans cette affaire. Mais une me semble acquise&nbsp;: ce n&rsquo;est pas une priorit\u00e9 que de d\u00e9manteler la fili\u00e8re ES.<\/p>\n","protected":false},"excerpt":{"rendered":"<div class=\"mh-excerpt\"><p>L&rsquo;\u00e9ducation nationale a la fili\u00e8re ES en ligne de mire. Ce n&rsquo;est pas nouveau. Cela fait au moins 5 ans qu&rsquo;on en parle (nous-m\u00eames avons plusieurs fois \u00e9voqu\u00e9 le sujet &#8211; je sais plus o\u00f9&#8230;). Gizmo et OBO se font l&rsquo;\u00e9cho de propos mena\u00e7ants du ministre Xavier Darcos. Outre l&rsquo;article <a class=\"mh-excerpt-more\" href=\"https:\/\/econoclaste.eu\/econoclaste\/licencier-es\/\" title=\"Licencier ES ?\">(Lire la suite&#8230;)<\/a><\/p>\n<\/div>","protected":false},"author":2,"featured_media":0,"comment_status":"open","ping_status":"open","sticky":false,"template":"","format":"standard","meta":{"footnotes":""},"categories":[5],"tags":[],"class_list":["post-6837","post","type-post","status-publish","format-standard","hentry","category-ecoblabla"],"_links":{"self":[{"href":"https:\/\/econoclaste.eu\/econoclaste\/wp-json\/wp\/v2\/posts\/6837","targetHints":{"allow":["GET"]}}],"collection":[{"href":"https:\/\/econoclaste.eu\/econoclaste\/wp-json\/wp\/v2\/posts"}],"about":[{"href":"https:\/\/econoclaste.eu\/econoclaste\/wp-json\/wp\/v2\/types\/post"}],"author":[{"embeddable":true,"href":"https:\/\/econoclaste.eu\/econoclaste\/wp-json\/wp\/v2\/users\/2"}],"replies":[{"embeddable":true,"href":"https:\/\/econoclaste.eu\/econoclaste\/wp-json\/wp\/v2\/comments?post=6837"}],"version-history":[{"count":0,"href":"https:\/\/econoclaste.eu\/econoclaste\/wp-json\/wp\/v2\/posts\/6837\/revisions"}],"wp:attachment":[{"href":"https:\/\/econoclaste.eu\/econoclaste\/wp-json\/wp\/v2\/media?parent=6837"}],"wp:term":[{"taxonomy":"category","embeddable":true,"href":"https:\/\/econoclaste.eu\/econoclaste\/wp-json\/wp\/v2\/categories?post=6837"},{"taxonomy":"post_tag","embeddable":true,"href":"https:\/\/econoclaste.eu\/econoclaste\/wp-json\/wp\/v2\/tags?post=6837"}],"curies":[{"name":"wp","href":"https:\/\/api.w.org\/{rel}","templated":true}]}}