{"id":6729,"date":"2007-04-19T10:28:47","date_gmt":"2007-04-19T10:28:47","guid":{"rendered":"http:\/\/127.0.0.1\/import\/?p=729"},"modified":"2007-04-19T10:28:47","modified_gmt":"2007-04-19T10:28:47","slug":"qui-tue-les-armes-ou-les-gens","status":"publish","type":"post","link":"https:\/\/econoclaste.eu\/econoclaste\/qui-tue-les-armes-ou-les-gens\/","title":{"rendered":"Qui tue ? Les armes ou les gens ?"},"content":{"rendered":"<p><img decoding=\"async\" src=\"\/econoclaste\/wp-content\/uploads\/2007\/04\/bronson.jpg\" alt=\"\" \/><\/p>\n<p>Rebonds sur la <a href=\"http:\/\/fr.news.yahoo.com\/17042007\/5\/meme-apres-la-fusillade-de-virginie-le-debat-sur-le.html\" hreflang=\"fr\">triste actualit\u00e9 am\u00e9ricaine<\/a>.<\/p>\n<p>Je suis toujours un peu \u00e9tonn\u00e9 du regard qui est port\u00e9 sur le droit au port d&rsquo;armes aux Etats Unis. Je suis un d\u00e9fenseur de la r\u00e9glementation en vigueur dans notre pays. Je crois qu&rsquo;il est bon que les fran\u00e7ais ne puissent acqu\u00e9rir une arme \u00e0 feu comme ils le souhaitent <sup>[<a href=\"#pnote-879-1\" id=\"rev-pnote-879-1\">1<\/a>]<\/sup>. Pour les Etats Unis, s&rsquo;il \u00e9tait possible de faire marche arri\u00e8re dans le temps, de revenir \u00e0 la naissance du pays, il serait probablement bon &#8211; de mon strict point de vue &#8211; que les fondateurs reviennent sur ce droit. Mais en 2007, qu&rsquo;esp\u00e9rer dans ce pays d&rsquo;un renforcement des lois sur le contr\u00f4le des armes&nbsp;? Je passe sur la sociologie et l&rsquo;histoire du port d&rsquo;armes aux Etats Unis. Non pas que ce soit n\u00e9gligeable &#8211; c&rsquo;est essentiel. Mais c&rsquo;est plus l&rsquo;analyse co\u00fbt-b\u00e9n\u00e9fice qui m&rsquo;int\u00e9resse.<\/p>\n<p>L&rsquo;in\u00e9vitable <a href=\"http:\/\/pricetheory.uchicago.edu\/levitt\/Papers\/LevittUnderstandingWhyCrime2004.pdf\" hreflang=\"fr\">Levitt<\/a> a fait la synth\u00e8se des raisons pour lesquelles la r\u00e9glementation renforc\u00e9e des armes risque d&rsquo;\u00eatre d\u00e9cevante en termes de baisse de la criminalit\u00e9 (page 11 du document mis en lien, et aussi dans <em><a href=\"https:\/\/econoclaste.eu\/econoclaste\/?page_id=10370&#038;codenote=140\" hreflang=\"fr\">Freakonomics<\/a><\/em>). Sa conclusion est que ce sont des peines de prison plus dures \u00e0 l&rsquo;encontre des d\u00e9tenteurs ill\u00e9gaux d&rsquo;armes qui peuvent limiter la diffusion des armes \u00e0 feu, pas le renforcement des lois limitant la d\u00e9tention.<br \/>\nLe raisonnement repose sur l&rsquo;id\u00e9e qu&rsquo;il existe un stock d&rsquo;armes \u00e0 feu tellement important dans le pays qu&rsquo;il faudrait des lustres avant qu&rsquo;il ne se r\u00e9sorbe. L&rsquo;autre argument est qu&rsquo;il est toujours possible de se procurer des armes au march\u00e9 noir. On peut ajouter que vu l&rsquo;offre potentielle sur le march\u00e9 de l&rsquo;occasion, ce march\u00e9 (d\u00e9j\u00e0 florissant pour ceux qui n&rsquo;ont pas le droit de porter une arme) prosp\u00e9rerait en cas d&rsquo;interdiction de la vente au citoyen lambda. Organiser un rachat des armes n&rsquo;est gu\u00e8re plus op\u00e9rant. Le prix pay\u00e9 devrait \u00eatre tr\u00e8s \u00e9lev\u00e9 pour qu&rsquo;un nombre cons\u00e9quent de d\u00e9tenteurs d&rsquo;armes les rendent. L&rsquo;utilit\u00e9 de la d\u00e9tention d&rsquo;armes pour un am\u00e9ricain moyen d\u00e9passe probablement de loin le prix qu&rsquo;on pourrait lui en proposer (mettez vous dans la peau de celui qui consid\u00e8re qu&rsquo;une arme \u00e0 feu est un \u00e9l\u00e9ment essentiel de la protection de son int\u00e9grit\u00e9 physique et demandez vous \u00e0 quel prix vous \u00eatre pr\u00eat \u00e0 vous en s\u00e9parer).<br \/>\nDifficile de ne pas \u00eatre troubl\u00e9 quand un d\u00e9fenseur du port d&rsquo;armes vous indique que les cas o\u00f9 un tueur fou a pu \u00eatre stopp\u00e9 avant qu&rsquo;il ne r\u00e9ussisse un carton plein sont ceux o\u00f9 un autre individu arm\u00e9 a fait usage de son arme contre le tireur. Difficile de ne pas s&rsquo;interroger sur la logique qui interdit le port d&rsquo;armes sur un campus quand n&rsquo;importe qui peut y p\u00e9n\u00e9trer et aligner des gens d\u00e9sarm\u00e9s. Il serait fort int\u00e9ressant de faire la part des choses concernant les meurtres de masse perp\u00e9tr\u00e9s dans les \u00e9coles am\u00e9ricaines. D&rsquo;un c\u00f4t\u00e9, il y a des jeunes d\u00e9s\u00e9quilibr\u00e9s qui se donnent ensuite la mort. La peur de mourir ne leur pose pas de probl\u00e8me. La peine de mort n&rsquo;a visiblement pas beaucoup d&rsquo;impact sur leur geste. D&rsquo;un autre c\u00f4t\u00e9, la quasi-certitude de r\u00e9ussir leur sortie n&rsquo;est-elle pas une incitation \u00e0 agir l\u00e0 plut\u00f4t qu&rsquo;ailleurs&nbsp;? Se faire descendre avant d&rsquo;avoir pu terroriser un campus, quel int\u00e9r\u00eat&nbsp;? On pourra r\u00e9pondre qu&rsquo;ils pourraient agir ailleurs. Mais quel sens donner \u00e0 leur geste&nbsp;? Ce qu&rsquo;ils d\u00e9testent n&rsquo;est-il pas dans l&rsquo;\u00e9cole qu&rsquo;ils fr\u00e9quentent&nbsp;? <br \/>\nDifficile aussi de ne pas penser que parmi tous les suppos\u00e9s justiciers se cache le criminel de masse de demain. Apr\u00e8s tout, on peut se demander si un jeune homme de 23 ans, sans histoires apparentes, aurait suivi le circuit du march\u00e9 noir pour se procurer un pistolet automatique. La d\u00e9marche a un co\u00fbt. On peut alors encore se demander si raisonner globalement en mati\u00e8re d&rsquo;homicides par armes \u00e0 feu a un sens. Si la soci\u00e9t\u00e9 veut \u00e9viter \u00e0 tout prix les \u00e9pisodes de type Littleton ou Virginia Tech et accepter l&rsquo;id\u00e9e que dans d&rsquo;autres situations le m\u00e9chant pourrait avoir une arme et le gentil non, peut-\u00eatre qu&rsquo;un contr\u00f4le des armes est envisageable. Mais outre que la probabilit\u00e9 qu&rsquo;un jeune sans histoires mais perturb\u00e9 ne passe pas par le march\u00e9 noir est incertaine, on peut se demander ce que p\u00e8sent des tueries ponctuelles par rapport \u00e0 un port d&rsquo;armes jug\u00e9 acceptable au quotidien.<\/p>\n<p>Le cas am\u00e9ricain montre une forme de d\u00e9pendance au sentier qui rend inop\u00e9rant les raisonnements simples que nous pourrions avoir en Europe. Un genre de <em>trappe au crime<\/em> qui r\u00e9sulte du fait qu&rsquo;une masse critique d&rsquo;armes en circulation a \u00e9t\u00e9 atteinte jadis. Je serais bien ennuy\u00e9 si je devais d\u00e9fendre un point de vue en mati\u00e8re de r\u00e9glementation du port d&rsquo;armes aux Etats Unis. Peut-\u00eatre que les NRAistes me feraient pencher du c\u00f4t\u00e9 des opposants \u00e0 la libre circulation des armes. Ce serait un peu idiot aussi. En m\u00eame temps, \u00e0 un probl\u00e8me complexe, la r\u00e9ponse est souvent complexe. De sorte que ce ne sont pas ces quelques lignes qui permettent une approche technique du sujet satisfaisante. Rien ne dit qu&rsquo;il n&rsquo;est pas possible de concevoir une r\u00e9glementation des armes efficace, au sens o\u00f9 elle aurait un impact cibl\u00e9 ou large sur les homicides. La seule certitude que l&rsquo;on puisse avoir, quoi qu&rsquo;on veuille en dire, c&rsquo;est que ce ne sont pas les armes qui tuent, mais les gens qui les portent.<\/p>\n<p><strong>Add (19\/04\/07) :<\/strong> Les <a href=\"http:\/\/fr.news.yahoo.com\/19042007\/290\/entre-deux-fusillades-cho-seung-hui-a-envoye-une-video.html\" hreflang=\"fr\">nouvelles informations<\/a> sur les ant\u00e9c\u00e9dents du tueur de Virginia Tech relativisent largement le qualificatif que je lui donnais en \u00e9crivant \u00ab\u00a0un jeune homme de 23 ans, sans histoires apparentes\u00a0\u00bb. On retiendra aussi que <em>\u00a0\u00bb Les observateurs se demandent comment Cho, qui \u00e9tait connu des services de police et avait un pass\u00e9 psychiatrique, a pu s&rsquo;acheter en toute l\u00e9galit\u00e9 les deux revolvers utilis\u00e9s dans la fusillade.\u00a0\u00bb<\/em>.<\/p>\n<div class=\"footnotes\">\n<h4>Notes<\/h4>\n<p>[<a href=\"#rev-pnote-879-1\" id=\"pnote-879-1\">1<\/a>] Y compris s&rsquo;il est possible pour certains de s&rsquo;en procurer au march\u00e9 noir<\/p>\n<\/div>\n","protected":false},"excerpt":{"rendered":"<div class=\"mh-excerpt\"><p>Rebonds sur la triste actualit\u00e9 am\u00e9ricaine. Je suis toujours un peu \u00e9tonn\u00e9 du regard qui est port\u00e9 sur le droit au port d&rsquo;armes aux Etats Unis. Je suis un d\u00e9fenseur de la r\u00e9glementation en vigueur dans notre pays. Je crois qu&rsquo;il est bon que les fran\u00e7ais ne puissent acqu\u00e9rir une <a class=\"mh-excerpt-more\" href=\"https:\/\/econoclaste.eu\/econoclaste\/qui-tue-les-armes-ou-les-gens\/\" title=\"Qui tue ? Les armes ou les gens ?\">(Lire la suite&#8230;)<\/a><\/p>\n<\/div>","protected":false},"author":2,"featured_media":0,"comment_status":"open","ping_status":"open","sticky":false,"template":"","format":"standard","meta":{"footnotes":""},"categories":[5],"tags":[],"class_list":["post-6729","post","type-post","status-publish","format-standard","hentry","category-ecoblabla"],"_links":{"self":[{"href":"https:\/\/econoclaste.eu\/econoclaste\/wp-json\/wp\/v2\/posts\/6729","targetHints":{"allow":["GET"]}}],"collection":[{"href":"https:\/\/econoclaste.eu\/econoclaste\/wp-json\/wp\/v2\/posts"}],"about":[{"href":"https:\/\/econoclaste.eu\/econoclaste\/wp-json\/wp\/v2\/types\/post"}],"author":[{"embeddable":true,"href":"https:\/\/econoclaste.eu\/econoclaste\/wp-json\/wp\/v2\/users\/2"}],"replies":[{"embeddable":true,"href":"https:\/\/econoclaste.eu\/econoclaste\/wp-json\/wp\/v2\/comments?post=6729"}],"version-history":[{"count":0,"href":"https:\/\/econoclaste.eu\/econoclaste\/wp-json\/wp\/v2\/posts\/6729\/revisions"}],"wp:attachment":[{"href":"https:\/\/econoclaste.eu\/econoclaste\/wp-json\/wp\/v2\/media?parent=6729"}],"wp:term":[{"taxonomy":"category","embeddable":true,"href":"https:\/\/econoclaste.eu\/econoclaste\/wp-json\/wp\/v2\/categories?post=6729"},{"taxonomy":"post_tag","embeddable":true,"href":"https:\/\/econoclaste.eu\/econoclaste\/wp-json\/wp\/v2\/tags?post=6729"}],"curies":[{"name":"wp","href":"https:\/\/api.w.org\/{rel}","templated":true}]}}