{"id":6382,"date":"2006-04-24T18:33:48","date_gmt":"2006-04-24T18:33:48","guid":{"rendered":"http:\/\/127.0.0.1\/import\/?p=382"},"modified":"2006-04-24T18:33:48","modified_gmt":"2006-04-24T18:33:48","slug":"deux-sujets","status":"publish","type":"post","link":"https:\/\/econoclaste.eu\/econoclaste\/deux-sujets\/","title":{"rendered":"Deux sujets"},"content":{"rendered":"<p>Alain Lefebvre, co-auteur de <a href=\"http:\/\/www.amazon.fr\/exec\/obidos\/ASIN\/202085970X\/qid=1145895829\/sr=8-1\/ref=pd_ka_0\/171-6709762-8613010\" hreflang=\"fr\">\u00ab\u00a0faut-il br\u00fbler le mod\u00e8le social fran\u00e7ais\u00a0\u00bb<\/a> (un livre qui, pour faire court, recommande l&rsquo;adoption du mod\u00e8le social scandinave en France), vient d&rsquo;ouvrir un <a href=\"http:\/\/societesnordiques.blogspirit.com\/\" hreflang=\"fr\">blog consacr\u00e9 aux soci\u00e9t\u00e9s des pays nordiques<\/a>. J&rsquo;ai d\u00e9j\u00e0 <a href=\"https:\/\/econoclaste.eu\/econoclaste\/inutile-debat-social\/\" hreflang=\"fr\">\u00e9crit<\/a> qu&rsquo;\u00e0 mon avis, ces discussions de \u00ab\u00a0mod\u00e8le social\u00a0\u00bb ne m\u00e8nent \u00e0 rien, et qu&rsquo;\u00e9tant donn\u00e9es les diff\u00e9rences entre soci\u00e9t\u00e9s, implanter le mod\u00e8le scandinave en France pr\u00e9sente \u00e0 peu pr\u00e8s autant de chances de succ\u00e8s que l&rsquo;installation d&rsquo;une usine de semi-conducteurs au milieu du Kalahari; n\u00e9anmoins, ce blog pr\u00e9sente un r\u00e9el int\u00e9r\u00eat descriptif des exp\u00e9riences de ces pays, qu&rsquo;il n&rsquo;est certainement pas inutile de conna\u00eetre. L&rsquo;auteur conna\u00eet bien son sujet, et apporte des informations compl\u00e8tes et roboratives.<\/p>\n<p>Tout \u00e0 fait autre chose&nbsp;: ce soir est diffus\u00e9 <a href=\"http:\/\/www.allocine.fr\/film\/fichefilm.html?cfilm=58435\" hreflang=\"fr\">\u00ab\u00a0le cauchemar de Darwin\u00a0\u00bb<\/a> sur Arte. Pour tous ceux qui le regarderont, mais n&rsquo;aiment pas \u00eatre des t\u00e9l\u00e9spectateurs idiots, je recommande chaudement les trois billets (le <a href=\"http:\/\/milan.blog.lemonde.fr\/milan\/2005\/03\/emle_cauchemar_.html\" hreflang=\"fr\">premier<\/a>, le <a href=\"http:\/\/milan.blog.lemonde.fr\/milan\/2005\/03\/cauchemar_darwi.html\" hreflang=\"fr\">second<\/a>, le <a href=\"http:\/\/milan.blog.lemonde.fr\/milan\/2005\/04\/darwin_perche.html\" hreflang=\"fr\">troisi\u00e8me<\/a>) que <a href=\"http:\/\/milan.blog.lemonde.fr\/milan\/\" hreflang=\"fr\">Milan<\/a> avait consacr\u00e9s \u00e0 ce film. Par ailleurs, via <a href=\"http:\/\/gusifang.blogspot.com\/\" hreflang=\"fr\">Gusifang<\/a>, vous pourrez lire <a href=\"http:\/\/gusifang.blogspot.com\/2006\/03\/film-le-cauchemar-de-darwin.html\" hreflang=\"fr\">l&rsquo;article des \u00ab\u00a0temps modernes\u00a0\u00bb qui critique ce film<\/a>, ainsi que la r\u00e9ponse de son auteur.<\/p>\n","protected":false},"excerpt":{"rendered":"<div class=\"mh-excerpt\"><p>Alain Lefebvre, co-auteur de \u00ab\u00a0faut-il br\u00fbler le mod\u00e8le social fran\u00e7ais\u00a0\u00bb (un livre qui, pour faire court, recommande l&rsquo;adoption du mod\u00e8le social scandinave en France), vient d&rsquo;ouvrir un blog consacr\u00e9 aux soci\u00e9t\u00e9s des pays nordiques. J&rsquo;ai d\u00e9j\u00e0 \u00e9crit qu&rsquo;\u00e0 mon avis, ces discussions de \u00ab\u00a0mod\u00e8le social\u00a0\u00bb ne m\u00e8nent \u00e0 rien, et <a class=\"mh-excerpt-more\" href=\"https:\/\/econoclaste.eu\/econoclaste\/deux-sujets\/\" title=\"Deux sujets\">(Lire la suite&#8230;)<\/a><\/p>\n<\/div>","protected":false},"author":3,"featured_media":59424,"comment_status":"open","ping_status":"open","sticky":false,"template":"","format":"standard","meta":{"footnotes":""},"categories":[6],"tags":[],"class_list":["post-6382","post","type-post","status-publish","format-standard","has-post-thumbnail","hentry","category-blablabla"],"_links":{"self":[{"href":"https:\/\/econoclaste.eu\/econoclaste\/wp-json\/wp\/v2\/posts\/6382","targetHints":{"allow":["GET"]}}],"collection":[{"href":"https:\/\/econoclaste.eu\/econoclaste\/wp-json\/wp\/v2\/posts"}],"about":[{"href":"https:\/\/econoclaste.eu\/econoclaste\/wp-json\/wp\/v2\/types\/post"}],"author":[{"embeddable":true,"href":"https:\/\/econoclaste.eu\/econoclaste\/wp-json\/wp\/v2\/users\/3"}],"replies":[{"embeddable":true,"href":"https:\/\/econoclaste.eu\/econoclaste\/wp-json\/wp\/v2\/comments?post=6382"}],"version-history":[{"count":0,"href":"https:\/\/econoclaste.eu\/econoclaste\/wp-json\/wp\/v2\/posts\/6382\/revisions"}],"wp:featuredmedia":[{"embeddable":true,"href":"https:\/\/econoclaste.eu\/econoclaste\/wp-json\/wp\/v2\/media\/59424"}],"wp:attachment":[{"href":"https:\/\/econoclaste.eu\/econoclaste\/wp-json\/wp\/v2\/media?parent=6382"}],"wp:term":[{"taxonomy":"category","embeddable":true,"href":"https:\/\/econoclaste.eu\/econoclaste\/wp-json\/wp\/v2\/categories?post=6382"},{"taxonomy":"post_tag","embeddable":true,"href":"https:\/\/econoclaste.eu\/econoclaste\/wp-json\/wp\/v2\/tags?post=6382"}],"curies":[{"name":"wp","href":"https:\/\/api.w.org\/{rel}","templated":true}]}}