{"id":6209,"date":"2007-02-05T21:21:20","date_gmt":"2007-02-05T21:21:20","guid":{"rendered":"http:\/\/127.0.0.1\/import\/?p=209"},"modified":"2007-02-05T21:21:20","modified_gmt":"2007-02-05T21:21:20","slug":"une-idee-tordue","status":"publish","type":"post","link":"https:\/\/econoclaste.eu\/econoclaste\/une-idee-tordue\/","title":{"rendered":"Une id\u00e9e tordue ?"},"content":{"rendered":"<p>Je vois au <a href=\"http:\/\/jt.france2.fr\/20h\/\" hreflang=\"fr\">20 heures (19&rsquo;00\u00a0\u00bb)<\/a> que les agriculteurs se suicident largement plus que les autres cat\u00e9gories socio-professionnelles. 38% de plus d&rsquo;apr\u00e8s l&rsquo;INSEE, reprise par France 2 (je ne parviens pas \u00e0 retrouver l&rsquo;\u00e9tude de r\u00e9f\u00e9rece sur le site de l&rsquo;INSEE). Et je me demande si on peut partiellement imputer ce co\u00fbt social \u00e0 la PAC. Dr\u00f4le d&rsquo;id\u00e9e&nbsp;? Si on part du principe que la PAC maintient artificiellement des exploitations, toujours au bord de la faillite, alors on peut s&rsquo;interroger. Je ne prends pas la chose \u00e0 la l\u00e9g\u00e8re. Je sais que d&rsquo;autres facteurs jouent et mon propos n&rsquo;est pas de dire que la PAC est responsable de tous les suicides de paysans, ni m\u00eame que sur un cas isol\u00e9 elle peut \u00eatre le seul d\u00e9terminant. On peut m\u00eame imaginer que la PAC sauve des vies, en soutentant le revenu de ceux qui, sans cela, auraient craqu\u00e9. Mais quelle est la part de ceux qui seraient all\u00e9s dans cette gal\u00e8re (l&rsquo;agriculture) sans l&rsquo;existence de la PAC ?<br \/>\nAvis \u00e9clair\u00e9s bienvenus.<\/p>\n","protected":false},"excerpt":{"rendered":"<div class=\"mh-excerpt\"><p>Je vois au 20 heures (19&rsquo;00\u00a0\u00bb) que les agriculteurs se suicident largement plus que les autres cat\u00e9gories socio-professionnelles. 38% de plus d&rsquo;apr\u00e8s l&rsquo;INSEE, reprise par France 2 (je ne parviens pas \u00e0 retrouver l&rsquo;\u00e9tude de r\u00e9f\u00e9rece sur le site de l&rsquo;INSEE). Et je me demande si on peut partiellement imputer <a class=\"mh-excerpt-more\" href=\"https:\/\/econoclaste.eu\/econoclaste\/une-idee-tordue\/\" title=\"Une id\u00e9e tordue ?\">(Lire la suite&#8230;)<\/a><\/p>\n<\/div>","protected":false},"author":2,"featured_media":59424,"comment_status":"open","ping_status":"open","sticky":false,"template":"","format":"standard","meta":{"footnotes":""},"categories":[5],"tags":[],"class_list":["post-6209","post","type-post","status-publish","format-standard","has-post-thumbnail","hentry","category-ecoblabla"],"_links":{"self":[{"href":"https:\/\/econoclaste.eu\/econoclaste\/wp-json\/wp\/v2\/posts\/6209","targetHints":{"allow":["GET"]}}],"collection":[{"href":"https:\/\/econoclaste.eu\/econoclaste\/wp-json\/wp\/v2\/posts"}],"about":[{"href":"https:\/\/econoclaste.eu\/econoclaste\/wp-json\/wp\/v2\/types\/post"}],"author":[{"embeddable":true,"href":"https:\/\/econoclaste.eu\/econoclaste\/wp-json\/wp\/v2\/users\/2"}],"replies":[{"embeddable":true,"href":"https:\/\/econoclaste.eu\/econoclaste\/wp-json\/wp\/v2\/comments?post=6209"}],"version-history":[{"count":0,"href":"https:\/\/econoclaste.eu\/econoclaste\/wp-json\/wp\/v2\/posts\/6209\/revisions"}],"wp:featuredmedia":[{"embeddable":true,"href":"https:\/\/econoclaste.eu\/econoclaste\/wp-json\/wp\/v2\/media\/59424"}],"wp:attachment":[{"href":"https:\/\/econoclaste.eu\/econoclaste\/wp-json\/wp\/v2\/media?parent=6209"}],"wp:term":[{"taxonomy":"category","embeddable":true,"href":"https:\/\/econoclaste.eu\/econoclaste\/wp-json\/wp\/v2\/categories?post=6209"},{"taxonomy":"post_tag","embeddable":true,"href":"https:\/\/econoclaste.eu\/econoclaste\/wp-json\/wp\/v2\/tags?post=6209"}],"curies":[{"name":"wp","href":"https:\/\/api.w.org\/{rel}","templated":true}]}}