{"id":12883,"date":"2016-05-01T18:04:37","date_gmt":"2016-05-01T17:04:37","guid":{"rendered":"http:\/\/econoclaste.eu\/econoclaste\/?p=12883"},"modified":"2018-10-10T21:48:36","modified_gmt":"2018-10-10T20:48:36","slug":"et-toi-tu-preferes-mourir-du-tabac-ou-du-tabac-et-du-terrorisme-en-meme-temps","status":"publish","type":"post","link":"https:\/\/econoclaste.eu\/econoclaste\/et-toi-tu-preferes-mourir-du-tabac-ou-du-tabac-et-du-terrorisme-en-meme-temps\/","title":{"rendered":"Et toi, tu pr\u00e9f\u00e8res mourir du tabac ou du tabac et du terrorisme en m\u00eame temps ?"},"content":{"rendered":"<p><img loading=\"lazy\" decoding=\"async\" width=\"1000\" height=\"400\" class=\"aligncenter size-full wp-image-12887\" alt=\"tabac\" src=\"\/econoclaste\/wp-content\/uploads\/2016\/05\/tabac.jpg\" srcset=\"https:\/\/econoclaste.eu\/econoclaste\/wp-content\/uploads\/2016\/05\/tabac.jpg 1000w, https:\/\/econoclaste.eu\/econoclaste\/wp-content\/uploads\/2016\/05\/tabac-300x120.jpg 300w, https:\/\/econoclaste.eu\/econoclaste\/wp-content\/uploads\/2016\/05\/tabac-768x307.jpg 768w\" sizes=\"auto, (max-width: 1000px) 100vw, 1000px\" \/><\/p>\n<p>Suite \u00e0 une <a href=\"http:\/\/www.lefigaro.fr\/actualite-france\/2016\/04\/21\/01016-20160421ARTFIG00159-malgre-l-etat-d-urgence-il-est-interdit-de-fumer-dans-les-lycees.php\" target=\"_blank\">d\u00e9cision du tribunal de Cergy-Pontoise<\/a>, saisi par des gens, le Minist\u00e8re de l&rsquo;\u00c9ducation Nationale &#8211; avec une vitesse qu&rsquo;on aimerait lui conna\u00eetre dans d&rsquo;autres situations &#8211; a d\u00e9cid\u00e9 d&rsquo;interdire de fumer dans les \u00e9tablissements scolaires, afin de respecter avec pr\u00e9cision la loi anti-tabac, en d\u00e9pit des risques d&rsquo;arrosage \u00e0 la Kalach&rsquo; devant les terrasses que sont les abords de certains lyc\u00e9es.<\/p>\n<p>Il y a des situations o\u00f9 la notion d&rsquo;optimum de Pareto est d&rsquo;une grande utilit\u00e9. L&rsquo;optimum de Pareto, c&rsquo;est une situation o\u00f9 il est impossible d&rsquo;am\u00e9liorer la situation d&rsquo;un individu sans d\u00e9grader celle d&rsquo;un autre individu. Toute la \u00ab\u00a0th\u00e9orie du choix social\u00a0\u00bb, dont <a href=\"https:\/\/fr.wikipedia.org\/wiki\/Amartya_Sen\" target=\"_blank\">Amartya Sen<\/a> est le plus illustre repr\u00e9sentant, s&rsquo;est \u00e9vertu\u00e9e \u00e0 montrer les limites de ce crit\u00e8re de justice sociale. Avec pertinence. Pourtant, quand une situation o\u00f9 ce crit\u00e8re est l&rsquo;alpha et l&rsquo;omega de la d\u00e9cision se pr\u00e9sente, l&rsquo;\u00e9conomiste de base se marre bien quand la d\u00e9cision collective va dans un autre sens.<\/p>\n<p>Prenons un exemple vaguement formalis\u00e9. Nous avons deux objectifs. Le premier est d&#8217;emp\u00eacher l&rsquo;\u00e9v\u00e8nement A. Le second est d&#8217;emp\u00eacher l&rsquo;\u00e9v\u00e8nement B. Une solution, appel\u00e9e 1, permet d&#8217;emp\u00eacher l&rsquo;\u00e9v\u00e8nement A mais pas l&rsquo;\u00e9v\u00e8nement B. L&rsquo;autre solution, la solution 2, n&#8217;emp\u00eache ni l&rsquo;\u00e9v\u00e8nement A, ni l&rsquo;\u00e9v\u00e8nement B. Il n&rsquo;y a pas d&rsquo;autre d\u00e9cisions possibles. Vous retiendriez quelle solution, vous ?<\/p>\n<p>Apr\u00e8s un \u00ab\u00a0long\u00a0\u00bb moment de r\u00e9flexion, vous avez probablement retenu la solution 1. Elle est Pareto-optimale. Vous avez la fibre d&rsquo;un \u00e9conomiste. Ou, plus prosa\u00efquement, vous n&rsquo;\u00eates pas trop cr\u00e9tin.<\/p>\n<p>Concr\u00e9tisons ce cas d&rsquo;\u00e9cole. Imaginons que l&rsquo;\u00e9v\u00e8nement A est que des lyc\u00e9ens se fassent tirer dessus devant leur \u00e9tablissement par des terroristes, ce qui est mauvais pour leur sant\u00e9.<br \/>\nL&rsquo;\u00e9v\u00e8nement B est que les lyc\u00e9ens fument, ce qui est mauvais pour leur sant\u00e9.<br \/>\nLa solution 1 consiste \u00e0 autoriser de fumer dans un lyc\u00e9e pendant un temps ind\u00e9fini, mais non infini (un temps d\u00e9rogatoire qui sied fort bien \u00e0 l&rsquo;\u00e9tat d&rsquo;urgence).<br \/>\nLa solution 2 consiste \u00e0 interdire de fumer dans le lyc\u00e9e, comme la loi usuelle le requiert. Mais \u00e0 autoriser les lyc\u00e9ens \u00e0 sortir fumer sur le trottoir.<\/p>\n<p>Interdire le tabac dans un lyc\u00e9e et autoriser les lyc\u00e9ens \u00e0 fumer sur le trottoir <strong>ne r\u00e9duit pas le tabagisme<\/strong>, mais expose, en plus, les jeunes \u00e0 se faire tirer comme au <em>ball trap<\/em>, le cas \u00e9ch\u00e9ant, c&rsquo;est-\u00e0-dire, compte tenu de l&rsquo;air du temps, \u00ab\u00a0avec une probabilit\u00e9 non nulle\u00a0\u00bb. Pour tous ceux qui estiment que cette probabilit\u00e9 est si faible qu&rsquo;elle ne compte pas, je les invite \u00e0 la multiplier par le nombre de lyc\u00e9es en France (ou au moins ceux qui donnent directement sur une rue)&#8230; Eh ouai&#8230; on pense pas seulement au lyc\u00e9e de vos gamins \u00e0 vous, les gars.<\/p>\n<p>Les int\u00e9grismes &#8211; tous &#8211; ont le vent en poupe et se renforcent les uns les autres. Penser en \u00e9conomiste permet parfois de le mesurer avec encore plus d&rsquo;acuit\u00e9 et d&rsquo;\u00eatre moins con. Vraiment.<br \/>\nQuand, par ailleurs, on constate que ceux qui sont les figures de proue de ce mouvement hygi\u00e9niste et moraliste sont aussi des gens p\u00e9t\u00e9s de thunes, qui ont d\u00fb adopter tout au long de leur vie des strat\u00e9gies tr\u00e8s rationnelles (1), on a envie de&#8230; disons d&rsquo;\u00eatre au moins aussi irrationnels qu&rsquo;eux et de foutre tout \u00e7a en terrasse. Mais, au nom de valeurs morales, hein&#8230;<\/p>\n<p>EDIT : <a href=\"https:\/\/econoclaste.eu\/econoclaste\/?p=12892\" target=\"_blank\">un billet<\/a> compl\u00e8te celui-ci.<\/p>\n<p>(1) \u00c7a me fait penser \u00e0 tous les fans de Pierre Rabhi qui, pour l&rsquo;essentiel, ont pass\u00e9 15 ans de leur vie dans la finance ou dans des emplois bien cal\u00e9s et trouvent que cette petite ferme dans le sud ouest, \u00e0 80K\u20ac, elle est donn\u00e9e&#8230;<\/p>\n","protected":false},"excerpt":{"rendered":"<div class=\"mh-excerpt\"><p>Suite \u00e0 une d\u00e9cision du tribunal de Cergy-Pontoise, saisi par des gens, le Minist\u00e8re de l&rsquo;\u00c9ducation Nationale &#8211; avec une vitesse qu&rsquo;on aimerait lui conna\u00eetre dans d&rsquo;autres situations &#8211; a d\u00e9cid\u00e9 d&rsquo;interdire de fumer dans les \u00e9tablissements scolaires, afin de respecter avec pr\u00e9cision la loi anti-tabac, en d\u00e9pit des risques <a class=\"mh-excerpt-more\" href=\"https:\/\/econoclaste.eu\/econoclaste\/et-toi-tu-preferes-mourir-du-tabac-ou-du-tabac-et-du-terrorisme-en-meme-temps\/\" title=\"Et toi, tu pr\u00e9f\u00e8res mourir du tabac ou du tabac et du terrorisme en m\u00eame temps ?\">(Lire la suite&#8230;)<\/a><\/p>\n<\/div>","protected":false},"author":2,"featured_media":12887,"comment_status":"closed","ping_status":"closed","sticky":false,"template":"","format":"standard","meta":{"footnotes":""},"categories":[5],"tags":[],"class_list":["post-12883","post","type-post","status-publish","format-standard","has-post-thumbnail","hentry","category-ecoblabla"],"_links":{"self":[{"href":"https:\/\/econoclaste.eu\/econoclaste\/wp-json\/wp\/v2\/posts\/12883","targetHints":{"allow":["GET"]}}],"collection":[{"href":"https:\/\/econoclaste.eu\/econoclaste\/wp-json\/wp\/v2\/posts"}],"about":[{"href":"https:\/\/econoclaste.eu\/econoclaste\/wp-json\/wp\/v2\/types\/post"}],"author":[{"embeddable":true,"href":"https:\/\/econoclaste.eu\/econoclaste\/wp-json\/wp\/v2\/users\/2"}],"replies":[{"embeddable":true,"href":"https:\/\/econoclaste.eu\/econoclaste\/wp-json\/wp\/v2\/comments?post=12883"}],"version-history":[{"count":9,"href":"https:\/\/econoclaste.eu\/econoclaste\/wp-json\/wp\/v2\/posts\/12883\/revisions"}],"predecessor-version":[{"id":18315,"href":"https:\/\/econoclaste.eu\/econoclaste\/wp-json\/wp\/v2\/posts\/12883\/revisions\/18315"}],"wp:featuredmedia":[{"embeddable":true,"href":"https:\/\/econoclaste.eu\/econoclaste\/wp-json\/wp\/v2\/media\/12887"}],"wp:attachment":[{"href":"https:\/\/econoclaste.eu\/econoclaste\/wp-json\/wp\/v2\/media?parent=12883"}],"wp:term":[{"taxonomy":"category","embeddable":true,"href":"https:\/\/econoclaste.eu\/econoclaste\/wp-json\/wp\/v2\/categories?post=12883"},{"taxonomy":"post_tag","embeddable":true,"href":"https:\/\/econoclaste.eu\/econoclaste\/wp-json\/wp\/v2\/tags?post=12883"}],"curies":[{"name":"wp","href":"https:\/\/api.w.org\/{rel}","templated":true}]}}